{"id":1022,"date":"2025-07-06T14:22:02","date_gmt":"2025-07-06T12:22:02","guid":{"rendered":"https:\/\/atraktivnyvidiek.sk\/?p=1022"},"modified":"2025-07-06T14:22:03","modified_gmt":"2025-07-06T12:22:03","slug":"po-prvykrat-na-slovensku-european-rural-youth-summit-2025","status":"publish","type":"post","link":"https:\/\/atraktivnyvidiek.sk\/?p=1022","title":{"rendered":"Po prv\u00fdkr\u00e1t na Slovensku: European Rural Youth Summit 2025"},"content":{"rendered":"\n<p>Slovensko sa v auguste 2025 stane centrom eur\u00f3pskeho vidieckeho ml\u00e1de\u017en\u00edckeho diania. Po \u00faspe\u0161n\u00fdch ro\u010dn\u00edkoch v Est\u00f3nsku a Rumunsku prich\u00e1dza tret\u00ed ro\u010dn\u00edk&nbsp;<strong>European Rural Youth Summit<\/strong>&nbsp;a po prv\u00fdkr\u00e1t sa uskuto\u010dn\u00ed pr\u00e1ve u n\u00e1s.<\/p>\n\n\n\n<p>Toto v\u00fdnimo\u010dn\u00e9 medzin\u00e1rodn\u00e9 podujatie vytv\u00e1ra priestor pre mlad\u00fdch \u013eud\u00ed z vidieka, odborn\u00edkov, pracovn\u00edkov s ml\u00e1de\u017eou aj tvorcov polit\u00edk z celej Eur\u00f3py. Jeho cie\u013eom je posilni\u0165 postavenie vidieckej ml\u00e1de\u017ee, podpori\u0165 particip\u00e1ciu a vytvori\u0165 spolo\u010dn\u00e9 odpor\u00fa\u010dania pre bud\u00facnos\u0165 vidieka.<\/p>\n\n\n\n<h2 class=\"wp-block-heading\">\u010co \u0165a \u010dak\u00e1?<\/h2>\n\n\n\n<ul class=\"wp-block-list\">\n<li>Interakt\u00edvne workshopy zameran\u00e9 na wellbeing, particip\u00e1ciu a rozvoj vidieka<\/li>\n\n\n\n<li>Spolupr\u00e1ca s odborn\u00edkmi a tvorcami polit\u00edk z celej Eur\u00f3py<\/li>\n\n\n\n<li>Kult\u00farna v\u00fdmena, medzin\u00e1rodn\u00fd networking a nov\u00e9 priate\u013estv\u00e1<\/li>\n\n\n\n<li>Ofici\u00e1lne spustenie iniciat\u00edvy European Youth Village na Slovensku<\/li>\n\n\n\n<li>Tvorba spolo\u010dn\u00fdch politick\u00fdch odpor\u00fa\u010dan\u00ed, ktor\u00e9 bud\u00fa prezentovan\u00e9 na eur\u00f3pskej \u00farovni<\/li>\n<\/ul>\n\n\n\n<h2 class=\"wp-block-heading\">Kto sa m\u00f4\u017ee prihl\u00e1si\u0165?<\/h2>\n\n\n\n<ul class=\"wp-block-list\">\n<li>Mlad\u00ed \u013eudia vo veku 16 a\u017e 30 rokov z vidieckeho prostredia<\/li>\n\n\n\n<li>Pracovn\u00edci s ml\u00e1de\u017eou, odborn\u00edci a komunitn\u00ed l\u00eddri<\/li>\n\n\n\n<li>Z\u00e1stupcovia samospr\u00e1v, in\u0161tit\u00faci\u00ed a tvorcovia polit\u00edk na miestnej, n\u00e1rodnej aj eur\u00f3pskej \u00farovni<\/li>\n<\/ul>\n\n\n\n<p><strong>Term\u00edn podujatia:<\/strong>&nbsp;26. \u2013 30. august 2025<br><strong>Miesto konania:<\/strong>&nbsp;Slovensko (presn\u00e1 lokalita bude \u010doskoro ozn\u00e1men\u00e1)<br><strong>Deadline na prihl\u00e1senie:<\/strong>&nbsp;27. j\u00fal 2025<\/p>\n\n\n\n<p>Podujatie prebieha v&nbsp;<strong>angli\u010dtine<\/strong>&nbsp;a aj prihl\u00e1\u0161ku je potrebn\u00e9 vyplni\u0165 v angli\u010dtine:<br><a class=\"\" href=\"https:\/\/forms.office.com\/e\/G8CZ22cP9N\">Prihlasovac\u00ed formul\u00e1r<\/a><\/p>\n\n\n\n<h2 class=\"wp-block-heading\">\u00da\u010das\u0165 bez starost\u00ed<\/h2>\n\n\n\n<p>Ubytovanie, strava aj cestovn\u00e9 n\u00e1klady s\u00fa hraden\u00e9 v\u010faka podpore z programu Erasmus+.<\/p>\n\n\n\n<p>Nezme\u0161kaj t\u00fato jedine\u010dn\u00fa pr\u00edle\u017eitos\u0165 reprezentova\u0165 svoj regi\u00f3n, spoji\u0165 sa s rovesn\u00edkmi z celej Eur\u00f3py a prinies\u0165 svoj hlas do centra diskusie o bud\u00facnosti vidieka.<\/p>\n","protected":false},"excerpt":{"rendered":"<p>Slovensko sa v auguste 2025 stane centrom eur\u00f3pskeho vidieckeho ml\u00e1de\u017en\u00edckeho diania. Po \u00faspe\u0161n\u00fdch ro\u010dn\u00edkoch v Est\u00f3nsku a Rumunsku prich\u00e1dza tret\u00ed ro\u010dn\u00edk&nbsp;European Rural Youth Summit&nbsp;a po&hellip;<\/p>\n","protected":false},"author":12,"featured_media":1023,"comment_status":"open","ping_status":"open","sticky":false,"template":"","format":"standard","meta":{"_bbp_topic_count":0,"_bbp_reply_count":0,"_bbp_total_topic_count":0,"_bbp_total_reply_count":0,"_bbp_voice_count":0,"_bbp_anonymous_reply_count":0,"_bbp_topic_count_hidden":0,"_bbp_reply_count_hidden":0,"_bbp_forum_subforum_count":0,"footnotes":""},"categories":[10,9],"tags":[],"class_list":["post-1022","post","type-post","status-publish","format-standard","has-post-thumbnail","hentry","category-novinky","category-podujatia"],"yoast_head":"<!-- This site is optimized with the Yoast SEO plugin v26.8 - https:\/\/yoast.com\/product\/yoast-seo-wordpress\/ -->\n<title>Po prv\u00fdkr\u00e1t na Slovensku: European Rural Youth Summit 2025 - Atrakt\u00edvny vidiek<\/title>\n<meta name=\"robots\" content=\"index, follow, max-snippet:-1, max-image-preview:large, max-video-preview:-1\" \/>\n<link rel=\"canonical\" href=\"https:\/\/atraktivnyvidiek.sk\/?p=1022\" \/>\n<meta property=\"og:locale\" content=\"sk_SK\" \/>\n<meta property=\"og:type\" content=\"article\" \/>\n<meta property=\"og:title\" content=\"Po prv\u00fdkr\u00e1t na Slovensku: European Rural Youth Summit 2025 - Atrakt\u00edvny vidiek\" \/>\n<meta property=\"og:description\" content=\"Slovensko sa v auguste 2025 stane centrom eur\u00f3pskeho vidieckeho ml\u00e1de\u017en\u00edckeho diania. Po \u00faspe\u0161n\u00fdch ro\u010dn\u00edkoch v Est\u00f3nsku a Rumunsku prich\u00e1dza tret\u00ed ro\u010dn\u00edk&nbsp;European Rural Youth Summit&nbsp;a po&hellip;\" \/>\n<meta property=\"og:url\" content=\"https:\/\/atraktivnyvidiek.sk\/?p=1022\" \/>\n<meta property=\"og:site_name\" content=\"Atrakt\u00edvny vidiek\" \/>\n<meta property=\"article:published_time\" content=\"2025-07-06T12:22:02+00:00\" \/>\n<meta property=\"article:modified_time\" content=\"2025-07-06T12:22:03+00:00\" \/>\n<meta property=\"og:image\" content=\"https:\/\/atraktivnyvidiek.sk\/wp-content\/uploads\/2025\/07\/IMG_2184.jpeg\" \/>\n\t<meta property=\"og:image:width\" content=\"960\" \/>\n\t<meta property=\"og:image:height\" content=\"960\" \/>\n\t<meta property=\"og:image:type\" content=\"image\/jpeg\" \/>\n<meta name=\"author\" content=\"JakubD\" \/>\n<meta name=\"twitter:card\" content=\"summary_large_image\" \/>\n<meta name=\"twitter:label1\" content=\"Autor\" \/>\n\t<meta name=\"twitter:data1\" content=\"JakubD\" \/>\n\t<meta name=\"twitter:label2\" content=\"Predpokladan\u00fd \u010das \u010d\u00edtania\" \/>\n\t<meta name=\"twitter:data2\" content=\"2 min\u00faty\" \/>\n<script type=\"application\/ld+json\" class=\"yoast-schema-graph\">{\"@context\":\"https:\/\/schema.org\",\"@graph\":[{\"@type\":\"Article\",\"@id\":\"https:\/\/atraktivnyvidiek.sk\/?p=1022#article\",\"isPartOf\":{\"@id\":\"https:\/\/atraktivnyvidiek.sk\/?p=1022\"},\"author\":{\"name\":\"JakubD\",\"@id\":\"https:\/\/atraktivnyvidiek.sk\/#\/schema\/person\/8f57e6fba83c7b5bee756aebab4f84a2\"},\"headline\":\"Po prv\u00fdkr\u00e1t na Slovensku: European Rural Youth Summit 2025\",\"datePublished\":\"2025-07-06T12:22:02+00:00\",\"dateModified\":\"2025-07-06T12:22:03+00:00\",\"mainEntityOfPage\":{\"@id\":\"https:\/\/atraktivnyvidiek.sk\/?p=1022\"},\"wordCount\":317,\"commentCount\":0,\"publisher\":{\"@id\":\"https:\/\/atraktivnyvidiek.sk\/#organization\"},\"image\":{\"@id\":\"https:\/\/atraktivnyvidiek.sk\/?p=1022#primaryimage\"},\"thumbnailUrl\":\"https:\/\/atraktivnyvidiek.sk\/wp-content\/uploads\/2025\/07\/IMG_2184.jpeg\",\"articleSection\":[\"Novinky\",\"Podujatia\"],\"inLanguage\":\"sk-SK\",\"potentialAction\":[{\"@type\":\"CommentAction\",\"name\":\"Comment\",\"target\":[\"https:\/\/atraktivnyvidiek.sk\/?p=1022#respond\"]}]},{\"@type\":\"WebPage\",\"@id\":\"https:\/\/atraktivnyvidiek.sk\/?p=1022\",\"url\":\"https:\/\/atraktivnyvidiek.sk\/?p=1022\",\"name\":\"Po prv\u00fdkr\u00e1t na Slovensku: European Rural Youth Summit 2025 - Atrakt\u00edvny vidiek\",\"isPartOf\":{\"@id\":\"https:\/\/atraktivnyvidiek.sk\/#website\"},\"primaryImageOfPage\":{\"@id\":\"https:\/\/atraktivnyvidiek.sk\/?p=1022#primaryimage\"},\"image\":{\"@id\":\"https:\/\/atraktivnyvidiek.sk\/?p=1022#primaryimage\"},\"thumbnailUrl\":\"https:\/\/atraktivnyvidiek.sk\/wp-content\/uploads\/2025\/07\/IMG_2184.jpeg\",\"datePublished\":\"2025-07-06T12:22:02+00:00\",\"dateModified\":\"2025-07-06T12:22:03+00:00\",\"breadcrumb\":{\"@id\":\"https:\/\/atraktivnyvidiek.sk\/?p=1022#breadcrumb\"},\"inLanguage\":\"sk-SK\",\"potentialAction\":[{\"@type\":\"ReadAction\",\"target\":[\"https:\/\/atraktivnyvidiek.sk\/?p=1022\"]}]},{\"@type\":\"ImageObject\",\"inLanguage\":\"sk-SK\",\"@id\":\"https:\/\/atraktivnyvidiek.sk\/?p=1022#primaryimage\",\"url\":\"https:\/\/atraktivnyvidiek.sk\/wp-content\/uploads\/2025\/07\/IMG_2184.jpeg\",\"contentUrl\":\"https:\/\/atraktivnyvidiek.sk\/wp-content\/uploads\/2025\/07\/IMG_2184.jpeg\",\"width\":960,\"height\":960},{\"@type\":\"BreadcrumbList\",\"@id\":\"https:\/\/atraktivnyvidiek.sk\/?p=1022#breadcrumb\",\"itemListElement\":[{\"@type\":\"ListItem\",\"position\":1,\"name\":\"Home\",\"item\":\"https:\/\/atraktivnyvidiek.sk\/\"},{\"@type\":\"ListItem\",\"position\":2,\"name\":\"Po prv\u00fdkr\u00e1t na Slovensku: European Rural Youth Summit 2025\"}]},{\"@type\":\"WebSite\",\"@id\":\"https:\/\/atraktivnyvidiek.sk\/#website\",\"url\":\"https:\/\/atraktivnyvidiek.sk\/\",\"name\":\"Atrakt\u00edvny vidiek\",\"description\":\"\",\"publisher\":{\"@id\":\"https:\/\/atraktivnyvidiek.sk\/#organization\"},\"potentialAction\":[{\"@type\":\"SearchAction\",\"target\":{\"@type\":\"EntryPoint\",\"urlTemplate\":\"https:\/\/atraktivnyvidiek.sk\/?s={search_term_string}\"},\"query-input\":{\"@type\":\"PropertyValueSpecification\",\"valueRequired\":true,\"valueName\":\"search_term_string\"}}],\"inLanguage\":\"sk-SK\"},{\"@type\":\"Organization\",\"@id\":\"https:\/\/atraktivnyvidiek.sk\/#organization\",\"name\":\"Atrakt\u00edvny vidiek\",\"url\":\"https:\/\/atraktivnyvidiek.sk\/\",\"logo\":{\"@type\":\"ImageObject\",\"inLanguage\":\"sk-SK\",\"@id\":\"https:\/\/atraktivnyvidiek.sk\/#\/schema\/logo\/image\/\",\"url\":\"https:\/\/atraktivnyvidiek.sk\/wp-content\/uploads\/2025\/01\/av_logo_horiz_800.png\",\"contentUrl\":\"https:\/\/atraktivnyvidiek.sk\/wp-content\/uploads\/2025\/01\/av_logo_horiz_800.png\",\"width\":800,\"height\":213,\"caption\":\"Atrakt\u00edvny vidiek\"},\"image\":{\"@id\":\"https:\/\/atraktivnyvidiek.sk\/#\/schema\/logo\/image\/\"}},{\"@type\":\"Person\",\"@id\":\"https:\/\/atraktivnyvidiek.sk\/#\/schema\/person\/8f57e6fba83c7b5bee756aebab4f84a2\",\"name\":\"JakubD\",\"image\":{\"@type\":\"ImageObject\",\"inLanguage\":\"sk-SK\",\"@id\":\"https:\/\/atraktivnyvidiek.sk\/#\/schema\/person\/image\/\",\"url\":\"https:\/\/secure.gravatar.com\/avatar\/6de6cb86c406d4c02a75db7d852285544209b5d809cf64e1255342bed1657d07?s=96&d=mm&r=g\",\"contentUrl\":\"https:\/\/secure.gravatar.com\/avatar\/6de6cb86c406d4c02a75db7d852285544209b5d809cf64e1255342bed1657d07?s=96&d=mm&r=g\",\"caption\":\"JakubD\"},\"url\":\"https:\/\/atraktivnyvidiek.sk\/?author=12\"}]}<\/script>\n<!-- \/ Yoast SEO plugin. -->","yoast_head_json":{"title":"Po prv\u00fdkr\u00e1t na Slovensku: European Rural Youth Summit 2025 - Atrakt\u00edvny vidiek","robots":{"index":"index","follow":"follow","max-snippet":"max-snippet:-1","max-image-preview":"max-image-preview:large","max-video-preview":"max-video-preview:-1"},"canonical":"https:\/\/atraktivnyvidiek.sk\/?p=1022","og_locale":"sk_SK","og_type":"article","og_title":"Po prv\u00fdkr\u00e1t na Slovensku: European Rural Youth Summit 2025 - Atrakt\u00edvny vidiek","og_description":"Slovensko sa v auguste 2025 stane centrom eur\u00f3pskeho vidieckeho ml\u00e1de\u017en\u00edckeho diania. Po \u00faspe\u0161n\u00fdch ro\u010dn\u00edkoch v Est\u00f3nsku a Rumunsku prich\u00e1dza tret\u00ed ro\u010dn\u00edk&nbsp;European Rural Youth Summit&nbsp;a po&hellip;","og_url":"https:\/\/atraktivnyvidiek.sk\/?p=1022","og_site_name":"Atrakt\u00edvny vidiek","article_published_time":"2025-07-06T12:22:02+00:00","article_modified_time":"2025-07-06T12:22:03+00:00","og_image":[{"width":960,"height":960,"url":"https:\/\/atraktivnyvidiek.sk\/wp-content\/uploads\/2025\/07\/IMG_2184.jpeg","type":"image\/jpeg"}],"author":"JakubD","twitter_card":"summary_large_image","twitter_misc":{"Autor":"JakubD","Predpokladan\u00fd \u010das \u010d\u00edtania":"2 min\u00faty"},"schema":{"@context":"https:\/\/schema.org","@graph":[{"@type":"Article","@id":"https:\/\/atraktivnyvidiek.sk\/?p=1022#article","isPartOf":{"@id":"https:\/\/atraktivnyvidiek.sk\/?p=1022"},"author":{"name":"JakubD","@id":"https:\/\/atraktivnyvidiek.sk\/#\/schema\/person\/8f57e6fba83c7b5bee756aebab4f84a2"},"headline":"Po prv\u00fdkr\u00e1t na Slovensku: European Rural Youth Summit 2025","datePublished":"2025-07-06T12:22:02+00:00","dateModified":"2025-07-06T12:22:03+00:00","mainEntityOfPage":{"@id":"https:\/\/atraktivnyvidiek.sk\/?p=1022"},"wordCount":317,"commentCount":0,"publisher":{"@id":"https:\/\/atraktivnyvidiek.sk\/#organization"},"image":{"@id":"https:\/\/atraktivnyvidiek.sk\/?p=1022#primaryimage"},"thumbnailUrl":"https:\/\/atraktivnyvidiek.sk\/wp-content\/uploads\/2025\/07\/IMG_2184.jpeg","articleSection":["Novinky","Podujatia"],"inLanguage":"sk-SK","potentialAction":[{"@type":"CommentAction","name":"Comment","target":["https:\/\/atraktivnyvidiek.sk\/?p=1022#respond"]}]},{"@type":"WebPage","@id":"https:\/\/atraktivnyvidiek.sk\/?p=1022","url":"https:\/\/atraktivnyvidiek.sk\/?p=1022","name":"Po prv\u00fdkr\u00e1t na Slovensku: European Rural Youth Summit 2025 - Atrakt\u00edvny vidiek","isPartOf":{"@id":"https:\/\/atraktivnyvidiek.sk\/#website"},"primaryImageOfPage":{"@id":"https:\/\/atraktivnyvidiek.sk\/?p=1022#primaryimage"},"image":{"@id":"https:\/\/atraktivnyvidiek.sk\/?p=1022#primaryimage"},"thumbnailUrl":"https:\/\/atraktivnyvidiek.sk\/wp-content\/uploads\/2025\/07\/IMG_2184.jpeg","datePublished":"2025-07-06T12:22:02+00:00","dateModified":"2025-07-06T12:22:03+00:00","breadcrumb":{"@id":"https:\/\/atraktivnyvidiek.sk\/?p=1022#breadcrumb"},"inLanguage":"sk-SK","potentialAction":[{"@type":"ReadAction","target":["https:\/\/atraktivnyvidiek.sk\/?p=1022"]}]},{"@type":"ImageObject","inLanguage":"sk-SK","@id":"https:\/\/atraktivnyvidiek.sk\/?p=1022#primaryimage","url":"https:\/\/atraktivnyvidiek.sk\/wp-content\/uploads\/2025\/07\/IMG_2184.jpeg","contentUrl":"https:\/\/atraktivnyvidiek.sk\/wp-content\/uploads\/2025\/07\/IMG_2184.jpeg","width":960,"height":960},{"@type":"BreadcrumbList","@id":"https:\/\/atraktivnyvidiek.sk\/?p=1022#breadcrumb","itemListElement":[{"@type":"ListItem","position":1,"name":"Home","item":"https:\/\/atraktivnyvidiek.sk\/"},{"@type":"ListItem","position":2,"name":"Po prv\u00fdkr\u00e1t na Slovensku: European Rural Youth Summit 2025"}]},{"@type":"WebSite","@id":"https:\/\/atraktivnyvidiek.sk\/#website","url":"https:\/\/atraktivnyvidiek.sk\/","name":"Atrakt\u00edvny vidiek","description":"","publisher":{"@id":"https:\/\/atraktivnyvidiek.sk\/#organization"},"potentialAction":[{"@type":"SearchAction","target":{"@type":"EntryPoint","urlTemplate":"https:\/\/atraktivnyvidiek.sk\/?s={search_term_string}"},"query-input":{"@type":"PropertyValueSpecification","valueRequired":true,"valueName":"search_term_string"}}],"inLanguage":"sk-SK"},{"@type":"Organization","@id":"https:\/\/atraktivnyvidiek.sk\/#organization","name":"Atrakt\u00edvny vidiek","url":"https:\/\/atraktivnyvidiek.sk\/","logo":{"@type":"ImageObject","inLanguage":"sk-SK","@id":"https:\/\/atraktivnyvidiek.sk\/#\/schema\/logo\/image\/","url":"https:\/\/atraktivnyvidiek.sk\/wp-content\/uploads\/2025\/01\/av_logo_horiz_800.png","contentUrl":"https:\/\/atraktivnyvidiek.sk\/wp-content\/uploads\/2025\/01\/av_logo_horiz_800.png","width":800,"height":213,"caption":"Atrakt\u00edvny vidiek"},"image":{"@id":"https:\/\/atraktivnyvidiek.sk\/#\/schema\/logo\/image\/"}},{"@type":"Person","@id":"https:\/\/atraktivnyvidiek.sk\/#\/schema\/person\/8f57e6fba83c7b5bee756aebab4f84a2","name":"JakubD","image":{"@type":"ImageObject","inLanguage":"sk-SK","@id":"https:\/\/atraktivnyvidiek.sk\/#\/schema\/person\/image\/","url":"https:\/\/secure.gravatar.com\/avatar\/6de6cb86c406d4c02a75db7d852285544209b5d809cf64e1255342bed1657d07?s=96&d=mm&r=g","contentUrl":"https:\/\/secure.gravatar.com\/avatar\/6de6cb86c406d4c02a75db7d852285544209b5d809cf64e1255342bed1657d07?s=96&d=mm&r=g","caption":"JakubD"},"url":"https:\/\/atraktivnyvidiek.sk\/?author=12"}]}},"_links":{"self":[{"href":"https:\/\/atraktivnyvidiek.sk\/index.php?rest_route=\/wp\/v2\/posts\/1022","targetHints":{"allow":["GET"]}}],"collection":[{"href":"https:\/\/atraktivnyvidiek.sk\/index.php?rest_route=\/wp\/v2\/posts"}],"about":[{"href":"https:\/\/atraktivnyvidiek.sk\/index.php?rest_route=\/wp\/v2\/types\/post"}],"author":[{"embeddable":true,"href":"https:\/\/atraktivnyvidiek.sk\/index.php?rest_route=\/wp\/v2\/users\/12"}],"replies":[{"embeddable":true,"href":"https:\/\/atraktivnyvidiek.sk\/index.php?rest_route=%2Fwp%2Fv2%2Fcomments&post=1022"}],"version-history":[{"count":1,"href":"https:\/\/atraktivnyvidiek.sk\/index.php?rest_route=\/wp\/v2\/posts\/1022\/revisions"}],"predecessor-version":[{"id":1024,"href":"https:\/\/atraktivnyvidiek.sk\/index.php?rest_route=\/wp\/v2\/posts\/1022\/revisions\/1024"}],"wp:featuredmedia":[{"embeddable":true,"href":"https:\/\/atraktivnyvidiek.sk\/index.php?rest_route=\/wp\/v2\/media\/1023"}],"wp:attachment":[{"href":"https:\/\/atraktivnyvidiek.sk\/index.php?rest_route=%2Fwp%2Fv2%2Fmedia&parent=1022"}],"wp:term":[{"taxonomy":"category","embeddable":true,"href":"https:\/\/atraktivnyvidiek.sk\/index.php?rest_route=%2Fwp%2Fv2%2Fcategories&post=1022"},{"taxonomy":"post_tag","embeddable":true,"href":"https:\/\/atraktivnyvidiek.sk\/index.php?rest_route=%2Fwp%2Fv2%2Ftags&post=1022"}],"curies":[{"name":"wp","href":"https:\/\/api.w.org\/{rel}","templated":true}]}}