{"id":358,"date":"2025-01-08T06:58:09","date_gmt":"2025-01-08T05:58:09","guid":{"rendered":"https:\/\/atraktivnyvidiek.sk\/?p=358"},"modified":"2025-01-29T15:36:32","modified_gmt":"2025-01-29T14:36:32","slug":"pripadova-studia-oz-lisov-muzeum","status":"publish","type":"post","link":"https:\/\/atraktivnyvidiek.sk\/?p=358","title":{"rendered":"Pr\u00edpadov\u00e1 \u0161t\u00fadia: OZ LI\u0160OV M\u00daZEUM"},"content":{"rendered":"\n<div class=\"wp-block-group is-layout-grid wp-container-core-group-is-layout-9649a0d9 wp-block-group-is-layout-grid\">\n<h3 class=\"wp-block-heading\">Poloha<\/h3>\n\n\n\n<p class=\"wp-container-content-5f80b302\">Li\u0161ov, ju\u017en\u00e1 \u010das\u0165 stredn\u00e9ho Slovenska; okres Krupina, hranica Nitrianskeho a&nbsp;Bansko-Bystrick\u00e9ho samospr\u00e1vneho kraja.<\/p>\n<\/div>\n\n\n\n<iframe src=\"https:\/\/www.google.com\/maps\/embed?pb=!1m14!1m8!1m3!1d10631.467073350044!2d18.867358!3d48.22844!3m2!1i1024!2i768!4f13.1!3m3!1m2!1s0x476ac6e0271420cd%3A0xa3f39d841d71fa3b!2sLi%C5%A1ov%20M%C3%BAzeum%20africkych%20masiek!5e0!3m2!1ssk!2ssk!4v1736321391042!5m2!1ssk!2ssk\" width=\"400\" height=\"300\" style=\"border:0;\" allowfullscreen=\"\" loading=\"lazy\" referrerpolicy=\"no-referrer-when-downgrade\"><\/iframe>\n\n\n\n<h3 class=\"wp-block-heading has-medium-font-size\">\u0160pecifik\u00e1cia lokality<\/h3>\n\n\n\n<div class=\"wp-block-columns is-layout-flex wp-container-core-columns-is-layout-9d6595d7 wp-block-columns-is-layout-flex\">\n<div class=\"wp-block-column is-layout-flow wp-block-column-is-layout-flow\" style=\"flex-basis:100%\">\n<figure class=\"wp-block-image size-full is-resized\"><img fetchpriority=\"high\" decoding=\"async\" width=\"500\" height=\"281\" src=\"https:\/\/atraktivnyvidiek.sk\/wp-content\/uploads\/2025\/01\/6lisov.jpg\" alt=\"\" class=\"wp-image-550\" style=\"width:840px;height:auto\" srcset=\"https:\/\/atraktivnyvidiek.sk\/wp-content\/uploads\/2025\/01\/6lisov.jpg 500w, https:\/\/atraktivnyvidiek.sk\/wp-content\/uploads\/2025\/01\/6lisov-300x169.jpg 300w\" sizes=\"(max-width: 500px) 100vw, 500px\" \/><\/figure>\n<\/div>\n<\/div>\n\n\n\n<p>Jakub sa narodil v obci Hontianske Moravce a jeho predkovia \u017eij\u00fa v ne\u010falekej obci Li\u0161ov od roku 1760. Jakub vyrastal v obci a po ukon\u010den\u00ed strednej \u0161koly v roku 2013 odi\u0161iel do zahrani\u010dia. Najprv pracoval ako dobrovo\u013en\u00edk pre britsk\u00fa organiz\u00e1ciu Grampus Heritage and Training Ltd. (riadite\u013e organiz\u00e1cie je Martin David Clark) a dva roky pracoval ako projektov\u00fd mana\u017e\u00e9r a lektor na nieko\u013ek\u00fdch projektoch Erasmus+. Nav\u0161t\u00edvil mnoho kraj\u00edn v Eur\u00f3pe a Afrike. V roku 2015 sa s bohat\u00fdmi sk\u00fasenos\u0165ami vr\u00e1til sp\u00e4\u0165 na Slovensko. Zalo\u017eil ob\u010dianske zdru\u017eenie OZ Li\u0161ov M\u00fazeum. Jakub str\u00e1vil podstatn\u00fa \u010das\u0165 svojho s\u00fakromn\u00e9ho a profesion\u00e1lneho \u017eivota v malej dedinke Li\u0161ov (asi 250 obyvate\u013eov). Li\u0161ov sa nach\u00e1dza v ju\u017enej \u010dasti stredn\u00e9ho Slovenska, na hranici Nitrianskeho a Banskobystrick\u00e9ho samospr\u00e1vneho kraja, v historickom regi\u00f3ne Hont. Regi\u00f3n Hont turisti dobre poznaj\u00fa v\u010faka \u017eiv\u00fdm \u013eudov\u00fdm trad\u00edci\u00e1m, vidieckej architekt\u00fare a vinohradn\u00edctvu, ktor\u00e9 je zn\u00e1me svojimi \u0161pecifick\u00fdmi miestnymi samorod\u00fdmi odrodami vini\u010da. Krajina m\u00e1 typick\u00fd vidiecky charakter. Li\u0161ov m\u00e1 zachovan\u00e9 \u013eudov\u00e9 domy a vyskytuj\u00fa sa tu \u0161pecifick\u00e9 skaln\u00e9 obydlia vytesan\u00e9 do tufov\u00fdch horn\u00edn sope\u010dn\u00e9ho pohoria (Krupinsk\u00e1 planina). Dne\u0161n\u00e9 \u00fazemie obce bolo os\u00eddlen\u00e9 neolitick\u00fdmi kult\u00farami a aj v mlad\u0161ej dobe bronzovej. Prv\u00e1 p\u00edsomn\u00e1 zmienka o stredovekej dedine poch\u00e1dza z druhej polovice 13. storo\u010dia. Farm\u00e1rstvo, konkr\u00e9tne vinohradn\u00edctvo a kamen\u00e1rstvo, boli v minulosti typick\u00fdmi \u010dinnos\u0165ami ob\u017eivy. Krajina na Slovensku v\u0161eobecne trp\u00ed vy\u013eud\u0148ovan\u00edm. Nie je to v\u0161ak pr\u00edpad Li\u0161ova. Prevl\u00e1da tu popul\u00e1cia produkt\u00edvnej vekovej skupiny a za posledn\u00fdch 20 rokov sa nepozoroval pokles popul\u00e1cie. Tieto predispoz\u00edcie vidieckeho prostredia okrem in\u00fdch faktorov stimulovali zalo\u017eenie Ob\u010dianskeho zdru\u017eenia (OZ) Li\u0161ov M\u00fazeum v roku 2015. OZ Li\u0161ov M\u00fazeum sa za posledn\u00fdch 5 rokov stalo popul\u00e1rnym a pri\u0165ahuje aj zahrani\u010dn\u00fdch n\u00e1v\u0161tevn\u00edkov. To znamen\u00e1, \u017ee doposia\u013e nepov\u0161imnut\u00e1, ale malebn\u00e1 obec Li\u0161ov sa stala zn\u00e1mou \u010faleko za hranicami regi\u00f3nu a Slovenska.<\/p>\n\n\n\n<h4 class=\"wp-block-heading\">S\u00fa\u010dasne \u017eijete a\/alebo pracujete v meste? Ak \u00e1no, v ktorom?<\/h4>\n\n\n\n<p>Jakub m\u00e1 trval\u00e9 bydlisko v malej dedinke Li\u0161ov. Pol roka \u017eil v hlavnom meste Slovenska. Bratislava je zn\u00e1ma sl\u00e1vnou hist\u00f3riou, ktor\u00e1 sa odzrkad\u013euje v zachovanom vzh\u013eade star\u00e9ho mesta s ranno-stredovek\u00fdmi a stredovek\u00fdmi stavbami.<br>Od roku 2017 pracuje pre OZ Vidiecky parlament na Slovensku (OZ VIPA SK). OZ VIPA SK s\u00eddli v starom stredovekom banskom meste Bansk\u00e1 Bystrica, ktor\u00e9 sa nach\u00e1dza na strednom Slovensku. Poslan\u00edm OZ VIPA SK je podpora zlep\u0161ovania kvality \u017eivota na vidieku a podpora miestnych iniciat\u00edv, najm\u00e4 akt\u00edvnych mlad\u00fdch \u013eud\u00ed. V s\u00fa\u010dasnej dobe, Jakub \u0161tuduje hist\u00f3riu na Katedre hist\u00f3rie Univerzity Kon\u0161tant\u00edna Filozofa v Nitre, ktor\u00e1 sa nach\u00e1dza v juhoz\u00e1padnej \u010dasti Slovenska. Starovek\u00e9 obdobie Nitry je silno previazan\u00e9 so slovansk\u00fdmi a ranno-stredovek\u00fdmi kult\u00farami, ktor\u00e9 \u017eili v minulosti na s\u00fa\u010dasnom \u00fazem\u00ed Slovenska. Po\u010das posledn\u00fdch 7 rokov z\u00edskal sk\u00fasenosti zo \u017eivota v mest\u00e1ch, z cestovania do zahrani\u010dia a nav\u0161tevovania r\u00f4znych miest a ded\u00edn v zahrani\u010dn\u00fdch eur\u00f3pskych a africk\u00fdch krajin\u00e1ch. Tieto aktivity boli organizovan\u00e9 v r\u00e1mci medzin\u00e1rodn\u00fdch projektov, ktor\u00fdch sa z\u00fa\u010dastnil. R\u00f4zne miesta, ktor\u00e9 nav\u0161t\u00edvil pozit\u00edvne stimulovali jeho osobn\u00fd a profesion\u00e1lny \u017eivot. Naviac, denn\u00fd kontakt s dejinami po\u010das s\u00fa\u010dasn\u00e9ho \u0161t\u00fadia na univerzite sa odr\u00e1\u017ea v jeho z\u00e1ujme o hlb\u0161ie sk\u00famanie kult\u00farnych, historick\u00fdch vz\u0165ahov a trad\u00edci\u00ed a Jakub poci\u0165uje potrebu sprostredkova\u0165 vedomosti miestnej komunite Li\u0161ova a taktie\u017e turistom.<\/p>\n\n\n\n<figure class=\"wp-block-embed is-type-video is-provider-youtube wp-block-embed-youtube wp-embed-aspect-16-9 wp-has-aspect-ratio\"><div class=\"wp-block-embed__wrapper\">\n<iframe title=\"Slovakia Region New Entrant Case Study\" width=\"843\" height=\"474\" src=\"https:\/\/www.youtube.com\/embed\/7Esq6_g-dOk?feature=oembed\" frameborder=\"0\" allow=\"accelerometer; autoplay; clipboard-write; encrypted-media; gyroscope; picture-in-picture; web-share\" referrerpolicy=\"strict-origin-when-cross-origin\" allowfullscreen><\/iframe>\n<\/div><\/figure>\n\n\n\n<h4 class=\"wp-block-heading\">Pros\u00edm, identifikujte seba v typol\u00f3gii podnikate\u013eov. Ak neexistuje \u00fapln\u00e1 zhoda, nev\u00e1hajte poskytn\u00fa\u0165 vlastn\u00fa defin\u00edciu do podnikate\u013esk\u00e9ho modelu.<\/h4>\n\n\n\n<p>\u017divotn\u00fd pr\u00edbeh Jakuba mo\u017eno jednoducho sprostredkova\u0165 ako pr\u00edbeh \u00faspe\u0161n\u00e9ho mlad\u00edka vytv\u00e1raj\u00faceho nov\u00fa kvalitu dediny \u201ezabalenej\u201c v trad\u00edci\u00e1ch. Jeho predkovia \u017eij\u00fa v Li\u0161ove od roku 1760. Jakub za\u010dal pracova\u0165 ihne\u010f po ukon\u010den\u00ed \u0161t\u00fadia. Pracoval v zahrani\u010d\u00ed na medzin\u00e1rodn\u00fdch projektoch, ktor\u00e9 mu umo\u017enili tr\u00e9nova\u0165 cudzie jazyky a z\u00edska\u0165 odborn\u00e9 zru\u010dnosti a medzin\u00e1rodn\u00e9 sk\u00fasenosti ako ved\u00faci t\u00edmu, projektov\u00fd mana\u017e\u00e9r a lektor. Od roku 2017 pracuje pre OZ VIPA SK. T\u00e1to pracovn\u00e1 poz\u00edcia mu priniesla kontakty a interakcie s vidieckym obyvate\u013estvom a s obcami na Slovensku a viedla ho k hlb\u0161iemu spoznaniu potrieb vidieckej komunity. V s\u00fa\u010dasnosti \u0161tuduje hist\u00f3riu na Univerzite Kon\u0161tant\u00edna Filozofa v Nitre. Jakubov odborn\u00fd z\u00e1ujem o hist\u00f3riu a pracovn\u00e9 sk\u00fasenosti vy\u00fastil do zalo\u017eenia OZ&nbsp;<a href=\"http:\/\/lisovmuzeum.sk\/\" target=\"_blank\" rel=\"noreferrer noopener\">Li\u0161ov M\u00fazeum<\/a>&nbsp;v roku 2015. V\u010faka kult\u00farnym podujatiam a festivalom, ktor\u00e9 sa sp\u00e1jaj\u00fa s Li\u0161ovsk\u00fdm M\u00fazeom je obec zn\u00e1ma pre turistov aj za hranicami regi\u00f3nu Hont. OZ financovalo aj vznik&nbsp;<a href=\"http:\/\/lisovmuzeum.sk\/gal%C3%A9ria-masiek\" target=\"_blank\" rel=\"noreferrer noopener\">Gal\u00e9rie Masiek<\/a>, ktor\u00e1 obsahuje zauj\u00edmav\u00fa zbierku masiek z r\u00f4znych kraj\u00edn z cel\u00e9ho sveta, ktor\u00e9 pri\u0165ahuj\u00fa aj zahrani\u010dn\u00fdch n\u00e1v\u0161tevn\u00edkov. To znamen\u00e1, \u017ee Jakuba mo\u017eno charakterizova\u0165 ako \u201ehybridn\u00e9ho nov\u00e9ho \u00fa\u010dastn\u00edka\u201c, ktor\u00fd do obce Li\u0161ov uviedol nov\u00fd prvok vzdel\u00e1vacieho a pozn\u00e1vacieho cestovn\u00e9ho ruchu. Jeho obchodn\u00fd model je zalo\u017een\u00fd na trad\u00edci\u00e1ch a dedi\u010dstve a obohaten\u00fd o inovat\u00edvne prvky.<\/p>\n\n\n\n<figure class=\"wp-block-image is-resized\"><img decoding=\"async\" src=\"https:\/\/av.ccov.cz\/storage\/app\/media\/case_studies\/1lisov.jpg\" alt=\"\" style=\"width:840px;height:auto\"\/><\/figure>\n\n\n\n<h4 class=\"wp-block-heading\">Ak\u00e1 je povaha Va\u0161ej aktivity (business modelu)?<\/h4>\n\n\n\n<p>Jakub zalo\u017eil OZ Li\u0161ov M\u00fazeum v roku 2015 a stal sa riadite\u013eom. M\u00fazeum Li\u0161ov funguje ako inovat\u00edvna komunitn\u00e1 organiz\u00e1cia poskytuj\u00faca vzdel\u00e1vac\u00ed cestovn\u00fd ruch v malej dedinke Li\u0161ov. OZ poskytuje turistick\u00e9 vzdel\u00e1vacie aktivity a slu\u017eby vo svojich troch budov\u00e1ch; prvou je tradi\u010dn\u00fd Li\u0161ovsk\u00fd \u013eudov\u00fd dom s n\u00e1zvom&nbsp;<a href=\"http:\/\/lisovmuzeum.sk\/li%C5%A1ovsk%C3%A1-izba\" target=\"_blank\" rel=\"noreferrer noopener\">\u201eLi\u0161ovsk\u00e1 Izba<\/a>\u201c a predstavuje typick\u00e9 miestne a region\u00e1lne architektonick\u00e9 prvky v miestnosti, ktor\u00e1 je zariaden\u00e1 v \u013eudovom vidieckom \u0161t\u00fdle; druh\u00fdm je replika keltsk\u00e9ho obydlia; a tretia je Gal\u00e9ria Masiek, v ktorej je mal\u00fd obchod s ru\u010dne vyr\u00e1ban\u00fdmi v\u00fdrobkami od miestnych remeseln\u00edkov, umelcov, a po\u013enohospod\u00e1rov. OZ Li\u0161ov M\u00fazeum v s\u00fa\u010dasnosti pracuje na rekon\u0161trukcii domu z roku 1887. Na renov\u00e1ciu sa vyu\u017e\u00edvaj\u00fa p\u00f4vodn\u00e9 materi\u00e1ly ako s\u00fa hlina, kame\u0148 a drevo. V bud\u00facnosti sa pl\u00e1nuje, \u017ee tu bude kaviare\u0148. M\u00fazeum v Li\u0161ove sa akt\u00edvne podie\u013ea na vzdel\u00e1vac\u00edch aktivit\u00e1ch financovan\u00fdch z programu ERASMUS+ a prostredn\u00edctvom tohto grantov\u00e9ho programu bolo ro\u010dne realizovan\u00fdch nieko\u013eko v\u00fdmenn\u00fdch pobytov. Podnikate\u013esk\u00e1 strat\u00e9gia vzdel\u00e1vacieho cestovn\u00e9ho ruchu sp\u00e1ja inovat\u00edvne aspekty, ktor\u00e9 interaguj\u00fa s odborn\u00fdmi znalos\u0165ami miestnej a region\u00e1lnej hist\u00f3rie a trad\u00edci\u00ed. T\u00e1to hlavn\u00e1 \u010dinnos\u0165 sa \u010falej diverzifikuje na slu\u017eby poskytovan\u00e9 priamo v troch budov\u00e1ch.<\/p>\n\n\n\n<figure class=\"wp-block-image is-resized\"><img decoding=\"async\" src=\"https:\/\/av.ccov.cz\/storage\/app\/media\/case_studies\/2lisov.jpg\" alt=\"\" style=\"width:840px;height:auto\"\/><\/figure>\n\n\n\n<p>Obchod s miestnymi v\u00fdrobkami vytv\u00e1ra z\u00e1klad pre \u010fal\u0161iu propag\u00e1ciu miestnych v\u00fdrobkov turistami, ktor\u00ed nav\u0161tevuj\u00fa aj in\u00e9 regi\u00f3ny Slovenska a zahrani\u010dia. Takouto formou m\u00f4\u017eu zdie\u013ea\u0165 svoje sk\u00fasenosti s ostatn\u00fdmi potenci\u00e1lnymi n\u00e1v\u0161tevn\u00edkmi. Obchod s miestnymi v\u00fdrobkami je ve\u013emi d\u00f4le\u017eit\u00fdm prvkom obehov\u00e9ho hospod\u00e1rstva, ktor\u00e9 je prospe\u0161n\u00e9 pre o\u017eivenie slab\u00fdch ekonomick\u00fdch aktiv\u00edt v od\u013eahl\u00fdch a ekonomicky marginalizovan\u00fdch dedin\u00e1ch, ako je to aj v pr\u00edpade Li\u0161ova. OZ Li\u0161ov M\u00fazeum organizuje r\u00f4zne podujatia a festivaly. Ve\u013emi p\u00f4sobiv\u00e9 s\u00fa viano\u010dn\u00e9 trhy, ktor\u00e9 sa organizuj\u00fa v muze\u00e1lnom komplexe. M\u00fazeum v Li\u0161ove kladie d\u00f4raz udr\u017eate\u013enos\u0165 podnikate\u013esk\u00fdch aktiv\u00edt, \u010do znamen\u00e1 vyu\u017eitie miestnych materi\u00e1lov a vyu\u017e\u00edvanie zdeden\u00fdch remeseln\u00edckych zru\u010dnost\u00ed a tovary vyroben\u00e9 v obci, \u010di regi\u00f3ne. V kone\u010dnom d\u00f4sledku v\u0161etky tieto udr\u017eate\u013en\u00e9 \u010dinnosti podporuj\u00fa kvalitu krajiny a zvy\u0161uj\u00fa pridan\u00fa hodnotu vidieckeho prostredia. Zachovan\u00e1 \u013eudov\u00e1 architekt\u00fara a tradi\u010dne obhospodarovan\u00e1 po\u013enohospod\u00e1rska krajina vytv\u00e1raj\u00fa hodnotn\u00e9 \u010drty krajinn\u00e9ho r\u00e1zu, ktor\u00e9 zvy\u0161uj\u00fa atraktivitu krajiny pre turistov v porovnan\u00ed s komer\u010dne obhospodarovanou po\u013enohospod\u00e1rskou krajinou s monokult\u00farami a ve\u013ekoblokmi pol\u00ed. Okrem toho, tradi\u010dn\u00e9 krajiny maj\u00fa v\u00fdznamn\u00e9 pr\u00edrodn\u00e9 hodnoty a s\u00fa bohat\u00e9 na biodiverzitu.<br>OZ Li\u0161ov M\u00fazeum sa stalo popul\u00e1rnym aj prostredn\u00edctvom webov\u00fdch str\u00e1nok a soci\u00e1lnych siet\u00ed:&nbsp;<a href=\"mailto:info@lisovmuzeum.sk\">info@lisovmuzeum.sk<\/a>&nbsp;<a href=\"http:\/\/www.lisovmuzeum.sk\/\" target=\"_blank\" rel=\"noreferrer noopener\">www.lisovmuzeum.sk<\/a>.&nbsp;<br>Jakub spolupracuje s Li\u0161ovom a \u010fal\u0161\u00edmi obcami a del\u00ed sa o aktivity m\u00fazea prostredn\u00edctvom ofici\u00e1lnych webov\u00fdch str\u00e1nok:<\/p>\n\n\n\n<ul class=\"wp-block-list\">\n<li><a href=\"https:\/\/www.obeclisov.sk\/obcianske-zdruzenie-lisov-muzeum.html\" target=\"_blank\" rel=\"noreferrer noopener\">https:\/\/www.obeclisov.sk\/obcianske-zdruzenie-lisov-muzeum.html<\/a>&nbsp;&nbsp;&nbsp;<\/li>\n\n\n\n<li><a href=\"https:\/\/www.dudince.sk\/events\/muzeum-lisov\/%20\" target=\"_blank\" rel=\"noreferrer noopener\">https:\/\/www.dudince.sk\/events\/muzeum-lisov\/&nbsp;<\/a><\/li>\n<\/ul>\n\n\n\n<p>\u010casopisy poskytuj\u00fa inform\u00e1cie o \u010dinnosti m\u00fazea prostredn\u00edctvom webov\u00fdch str\u00e1nok \u0161irokej verejnosti, na n\u00e1rodnej \u00farovni s\u00fa to napr\u00edklad:<\/p>\n\n\n\n<ul class=\"wp-block-list\">\n<li><a href=\"https:\/\/spravy.pravda.sk\/regiony\/clanok\/482925-masky-z-lisova-ukazuju-svet-ritualov\/\" target=\"_blank\" rel=\"noreferrer noopener\">https:\/\/spravy.pravda.sk\/regiony\/clanok\/482925-masky-z-lisova-ukazuju-svet-ritualov\/<\/a><\/li>\n\n\n\n<li><a href=\"https:\/\/www.cas.sk\/clanok\/664918\/v-muzeu-v-lisove-maju-jedinecnu-zbierku-jednu-z-masiek-nosila-lady-gaga\/\" target=\"_blank\" rel=\"noreferrer noopener\">https:\/\/www.cas.sk\/clanok\/664918\/v-muzeu-v-lisove-maju-jedinecnu-zbierku-jednu-z-masiek-nosila-lady-gaga\/<\/a><\/li>\n<\/ul>\n\n\n\n<p>Realizovan\u00e9 aktivity sa pravidelne zverej\u0148uj\u00fa a aktualizuj\u00fa na soci\u00e1lnych sie\u0165ach, napr\u00edklad na&nbsp;<a href=\"https:\/\/www.instagram.com\/lisovmuzeum\" target=\"_blank\" rel=\"noreferrer noopener\">Instagrame<\/a>&nbsp;a&nbsp;<a href=\"https:\/\/www.facebook.com\/lisovmuzeum.sk\/\" target=\"_blank\" rel=\"noreferrer noopener\">Facebooku<\/a>.<br>OZ Li\u0161ov M\u00fazeum a osobitne Gal\u00e9ria Masiek s\u00fa propagovan\u00e9 na medzin\u00e1rodnom turistickom port\u00e1li&nbsp;<a href=\"https:\/\/www.tripadvisor.com\/LocationPhotoDirectLink-g13445961-d13393706-i298770212-Lisov_Muzeum-Lisov_Banska_Bystrica_Region.html\" target=\"_blank\" rel=\"noreferrer noopener\">Tripadvisor<\/a>.<\/p>\n\n\n\n<h4 class=\"wp-block-heading\">Kedy ste za\u010dali s podnikan\u00edm?<\/h4>\n\n\n\n<p>Dom, v ktorom s\u00eddli m\u00fazeum, sa naz\u00fdva Li\u0161ovsk\u00e1 Izba (tradi\u010dne zariaden\u00e1 \u013eudov\u00e1 izba). Tradi\u010dne zariaden\u00e1 \u013eudov\u00e1 izba m\u00e1 charakter m\u00fazejnej expoz\u00edcie. Od roku 2009 bola zaraden\u00e1 do evidencie zariaden\u00ed Slovensk\u00e9ho n\u00e1rodn\u00e9ho m\u00fazea. OZ Li\u0161ov M\u00fazeum zalo\u017eil Jakub Dvorsk\u00fd, Adriana Patkov\u00e1 a Martin David Clark v roku 2015 ako neziskov\u00fa mimovl\u00e1dnu organiz\u00e1ciu. Dom m\u00fazea bol p\u00f4vodne postaven\u00fd v roku 1916. V minulosti ho ob\u00fdvali ve\u013ek\u00e9 mnohopo\u010detn\u00e9 rodiny. Nesk\u00f4r, aj ke\u010f v dome existovala expoz\u00edcia m\u00fazea, v posledn\u00fdch desa\u0165ro\u010diach postupne ch\u00e1tral. Rekon\u0161trukciu za\u010dal Jakub Dvorsk\u00fd so svojou mladou entuziastickou priate\u013ekou Adrianou Patkovou. Stretli sa na Cypre a obaja boli motivovan\u00ed podporova\u0165 zachovanie slovenskej \u013eudovej kult\u00fary. O svojom kon\u00ed\u010dku a povolan\u00ed historika Jakub povedal: \u201ePredt\u00fdm som pracoval na podobn\u00fdch projektoch na Cypre a vo Ve\u013ekej Brit\u00e1nii. Potom pri\u0161iel n\u00e1pad urobi\u0165 nie\u010do podobn\u00e9 aj na Slovensku. Toto m\u00fazeum bolo pon\u00fakan\u00e9 na predaj. Aj ke\u010f bolo v dos\u0165 zlom stave, s nad\u0161en\u00edm sme sa rozhodli ho opravi\u0165 a zrekon\u0161truova\u0165.\u201c&nbsp; V roku 2015 sa m\u00fazeum stalo jedn\u00fdm z partnerov spolo\u010dnosti Grampus Heritage and Training Ltd. Je to neziskov\u00e1 organiz\u00e1cia so s\u00eddlom vo Ve\u013ekej Brit\u00e1nii, kde p\u00f4sob\u00ed u\u017e 26 rokov. Financie na rekon\u0161trukciu m\u00fazea boli pokryt\u00e9 projektom EVEHD (Zapojenie dobrovo\u013en\u00edkov do objavovania eur\u00f3pskeho dedi\u010dstva) (2014 &#8211; 2015). Projekt bol zameran\u00fd na zapojenie dobrovo\u013en\u00edkov (Slovensko, Ve\u013ek\u00e1 Brit\u00e1nia, Cyprus, Nemecko, Rumunsko, Island a Turecko) do obnovy a zachovania miest eur\u00f3pskeho kult\u00farneho dedi\u010dstva. Jakub Dvorsk\u00fd o projekte povedal: \u201eV\u010faka projektu mohli pr\u00eds\u0165 do Li\u0161ova v minulom roku na \u0161tyri mesiace \u0161tudenti z r\u00f4znych kraj\u00edn. Spolo\u010dne sa n\u00e1m podarilo opravi\u0165 steny, vyrobili sme omietky aj v interi\u00e9ri a exteri\u00e9ri a vy\u010distili sme cel\u00fd dom. Bolo to n\u00e1ro\u010dn\u00e9, ale pomaly to prin\u00e1\u0161a ovocie.\u201c M\u00fazeum bolo v rokoch 2015 a\u017e 2016 zrekon\u0161truovan\u00e9. Jakub a Adriana v s\u00fa\u010dasnosti vykon\u00e1vaj\u00fa rekon\u0161truk\u010dn\u00e9 pr\u00e1ce viac menej dobrovo\u013ene. Nesk\u00f4r v roku 2017 bola v bl\u00edzkosti m\u00fazea zalo\u017een\u00e1 Gal\u00e9ria Masiek. S\u00fa tu zozbieran\u00e9 a vystaven\u00e9 r\u00f4zne masky z mnoh\u00fdch kraj\u00edn, najm\u00e4 z Afriky. V lete 2016 sa za\u010dala a st\u00e1le pokra\u010duje v\u00fdstavba repliky keltsk\u00e9ho obydlia. Postavili ho \u0161tudenti z Anglicka, Rumunska a Nemecka po\u010das programu v\u00fdmeny \u0161tudentov. Obydlie pozost\u00e1va z dreva, steny s\u00fa vypletan\u00e9 z lieskov\u00fdch pr\u00fatov a pokryt\u00e9 hlinenou omietkou. \u010eal\u0161ie v\u00fdmeny \u0161tudentov v r\u00e1mci programu Erasmus+ sa uskuto\u010dnili po\u010das leta v roku 2017. Li\u0161ovsk\u00e9 m\u00fazeum prostredn\u00edctvom ved\u00faceho partnera Grampus Heritage and Training Ltd. hostilo nieko\u013eko skup\u00edn (5 &#8211; 6) pozost\u00e1vaj\u00facich zo 7 \u0161tudentov zo \u0160k\u00f3tska (dve skupiny za mesiac). \u0160tudenti robili stavebn\u00e9 pr\u00e1ce, pracovali na replike keltsk\u00e9ho domu a renovovali Gal\u00e9riu Masiek. M\u00fazeum v Li\u0161ove sa zapojilo aj do medzin\u00e1rodn\u00fdch projektov podporuj\u00facich kvalitu \u017eivota na vidieku, ako napr\u00edklad PRIDE: Partnerstvo pre skvalitnenie a rozvoj vidieka v Eur\u00f3pe alebo PEATS &#8211; Tradi\u010dn\u00e9 zru\u010dnosti.<\/p>\n\n\n\n<figure class=\"wp-block-image is-resized\"><img decoding=\"async\" src=\"https:\/\/av.ccov.cz\/storage\/app\/media\/case_studies\/5lisov.jpg\" alt=\"\" style=\"width:840px;height:auto\"\/><\/figure>\n\n\n\n<h4 class=\"wp-block-heading\">S ak\u00fdmi v\u00fdzvami ste sa museli vysporiada\u0165?&nbsp;<\/h4>\n\n\n\n<ul class=\"wp-block-list\">\n<li>Boj s byrokraciou pri zria\u010fovan\u00ed a ka\u017edodennom fungovan\u00ed OZ.<\/li>\n\n\n\n<li>Dostupnos\u0165 \u010dasu a zdie\u013eanie viacer\u00fdch pracovn\u00fdch poz\u00edci\u00ed &#8211; ako riadite\u013e, rie\u0161ite\u013e projektov, moder\u00e1tor konferenci\u00ed, turistick\u00fd sprievodca, lektor at\u010f.<\/li>\n\n\n\n<li>Prepojenie multidisciplin\u00e1rnych poznatkov z oblasti hist\u00f3rie, cestovn\u00e9ho ruchu a vz\u0165ahov s verejnos\u0165ou a kontinu\u00e1lne vzdel\u00e1vanie.<\/li>\n\n\n\n<li>Neust\u00e1le h\u013eadanie finan\u010dn\u00fdch prostriedkov prostredn\u00edctvom grantov\u00fdch sch\u00e9m a predkladanie \u017eiadost\u00ed o granty, je \u010dasovo n\u00e1ro\u010dn\u00e9.<\/li>\n\n\n\n<li>Po\u017eiadavka na v\u00e4\u010d\u0161ie mo\u017enosti dom\u00e1cej grantovej podpory pre neziskov\u00e9 mimovl\u00e1dne organiz\u00e1cie podporuj\u00face budovanie zdrav\u00fdch vz\u0165ahov v miestnych komunit\u00e1ch, ktor\u00e9 by mohli by\u0165 ur\u010den\u00e9 najm\u00e4 pre akt\u00edvnych mlad\u00fdch \u013eud\u00ed.<\/li>\n\n\n\n<li>H\u013eadanie nad\u0161en\u00e9ho a spo\u013eahliv\u00e9ho mlad\u00e9ho person\u00e1lu, ktor\u00fd je ochotn\u00fd pracova\u0165 \u010diasto\u010dne na dobrovo\u013en\u00edckej b\u00e1ze.<\/li>\n\n\n\n<li>Posilnenie spolupr\u00e1ce medzi miestnymi v\u00fdrobcami pri vytv\u00e1ran\u00ed miestneho trhu a pon\u00fakan\u00ed v\u00fdrobkov na miestnych trhoch.<\/li>\n\n\n\n<li>Rozvoj miestnych spolo\u010denstiev, v ktor\u00fdch by si mali uvedomi\u0165 hlavne mlad\u00ed \u013eudia v\u00fdhody vidieckeho \u017eivota a pridan\u00fa hodnotu vidieckej krajiny.<\/li>\n\n\n\n<li>Posilnenie vz\u0165ahu medzi star\u0161ou gener\u00e1ciou a ml\u00e1de\u017eou. Star\u0161ie osoby dok\u00e1\u017eu prinies\u0165 mladej gener\u00e1cii zdeden\u00e9 remeseln\u00e9 zru\u010dnosti a svoju m\u00fadros\u0165 z\u00edskan\u00fa po\u010das \u017eivota, ale komunik\u00e1cia je st\u00e1le nedostato\u010dn\u00e1 a ne\u00fa\u010dinn\u00e1.<\/li>\n<\/ul>\n\n\n\n<h4 class=\"wp-block-heading\">Ak\u00e9 s\u00fa k\u013e\u00fa\u010dov\u00e9 faktory \u00faspechu, ktor\u00e9 chcete zdie\u013ea\u0165 s ostatn\u00fdmi?<\/h4>\n\n\n\n<p>Jakub by chcel zdie\u013ea\u0165 k\u013e\u00fa\u010dov\u00e9 faktory \u00faspechu v podnikan\u00ed na vidieku:<\/p>\n\n\n\n<ul class=\"wp-block-list\">\n<li>Publikovanie udalost\u00ed a spr\u00e1v v region\u00e1lnych a n\u00e1rodn\u00fdch podcastoch masm\u00e9di\u00ed.<\/li>\n\n\n\n<li>Rozvoj destina\u010dn\u00e9ho cestovn\u00e9ho ruchu s\u00favisiaci s konkr\u00e9tnymi atrakciami, ktor\u00e9 s\u00fa spojen\u00e9 s pravideln\u00fdmi podujatiami a festivalmi. Budovanie komunity pravideln\u00fdch a loj\u00e1lnych z\u00e1kazn\u00edkov, ktor\u00ed s\u00fa ochotn\u00ed zdie\u013ea\u0165 svoje pozit\u00edvne sk\u00fasenosti so \u0161ir\u0161ou verejnos\u0165ou.<\/li>\n\n\n\n<li>Prepojenie cestovn\u00e9ho ruchu a vzdel\u00e1vania.<\/li>\n\n\n\n<li>Implement\u00e1cia teoretick\u00fdch poznatkov z\u00edskan\u00fdch po\u010das \u0161t\u00fadia do obchodn\u00e9ho modelu a prepojenie teoretick\u00fdch poznatkov s praxou.<\/li>\n\n\n\n<li>\u00da\u010das\u0165 na dom\u00e1cich a medzin\u00e1rodn\u00fdch v\u00fdmen\u00e1ch \u0161tudentov a zamestnancov v r\u00e1mci programu ERASMUS+ a in\u00fdch grantov\u00fdch sch\u00e9m.<\/li>\n\n\n\n<li>Dobrovo\u013en\u00e1 pr\u00e1ca v neziskovej mimovl\u00e1dnej organiz\u00e1cii po\u010das \u0161t\u00fadia s cie\u013eom z\u00edska\u0165 sk\u00fasenosti v oblasti vz\u0165ahov s verejnos\u0165ou a porozumenie soci\u00e1lnym, kult\u00farnym a hospod\u00e1rskym probl\u00e9mom spolo\u010dnosti.<\/li>\n\n\n\n<li>Komunik\u00e1cia s kolegami zo zahrani\u010dia, zdie\u013eanie v\u00edzi\u00ed a n\u00e1zorov.<\/li>\n\n\n\n<li>Vyu\u017eitie grantovej podpory a pracovnej sily pokrytej grantov\u00fdmi mechanizmami na rekon\u0161trukciu alebo \u00fapravu nehnute\u013enost\u00ed pou\u017e\u00edvan\u00fdch v \u010fal\u0161\u00edch obchodn\u00fdch \u010dinnostiach.<\/li>\n\n\n\n<li>Diverzifik\u00e1cia \u010dinnost\u00ed v neskor\u0161\u00edch f\u00e1zach podnikania a podpora kr\u00e1tkeho trhov\u00e9ho re\u0165azca v miestnych obchodoch. Znamen\u00e1 to obchodovanie s miestnym tovarom, poskytovanie slu\u017eieb pre turistov s\u00favisiacich s miestnymi v\u00fdrobkami at\u010f.<\/li>\n\n\n\n<li>Pravideln\u00e1 medi\u00e1lna komunik\u00e1cia a zdie\u013eanie udalost\u00ed a festivalov na soci\u00e1lnych sie\u0165ach a na webov\u00fdch str\u00e1nkach.<\/li>\n\n\n\n<li>Rozvoj trvalo udr\u017eate\u013en\u00fdch aktiv\u00edt v oblasti \u201em\u00e4kk\u00e9ho\u201c cestovn\u00e9ho ruchu, ktor\u00fd je zos\u00faladen\u00fd s miestnymi \u013eudsk\u00fdmi zdrojmi a pr\u00edrodn\u00fdm potenci\u00e1lom vidieckeho prostredia.<\/li>\n<\/ul>\n\n\n\n<figure class=\"wp-block-image is-resized\"><img decoding=\"async\" src=\"https:\/\/av.ccov.cz\/storage\/app\/media\/case_studies\/3lisov.jpg\" alt=\"\" style=\"width:840px;height:auto\"\/><\/figure>\n\n\n\n<h4 class=\"wp-block-heading\">Radi by sme nato\u010dili kr\u00e1tke video o \u00faspe\u0161n\u00fdch podnikate\u013eoch. Prajete sa z\u00fa\u010dastni\u0165?<\/h4>\n\n\n\n<p>\u00c1no.<\/p>\n\n\n\n<p>Podnikate\u013esk\u00e9 aktivity OZ Li\u0161ov M\u00fazeum s\u00fa propagovan\u00e9 online:<\/p>\n\n\n\n<ul class=\"wp-block-list\">\n<li><a href=\"https:\/\/www.facebook.com\/pg\/lisovmuzeum.sk\/videos%20\" target=\"_blank\" rel=\"noreferrer noopener\">https:\/\/www.facebook.com\/pg\/lisovmuzeum.sk\/videos&nbsp;<\/a><\/li>\n\n\n\n<li><a href=\"https:\/\/www.tvhronka.sk\/relacie\/z-gauca-prirody-kamenne-obydlia-na-lisove\/%20\" target=\"_blank\" rel=\"noreferrer noopener\">https:\/\/www.tvhronka.sk\/relacie\/z-gauca-prirody-kamenne-obydlia-na-lisove\/&nbsp;<\/a><\/li>\n<\/ul>\n\n\n\n<p><\/p>\n","protected":false},"excerpt":{"rendered":"<p>Poloha Li\u0161ov, ju\u017en\u00e1 \u010das\u0165 stredn\u00e9ho Slovenska; okres Krupina, hranica Nitrianskeho a&nbsp;Bansko-Bystrick\u00e9ho samospr\u00e1vneho kraja. \u0160pecifik\u00e1cia lokality Jakub sa narodil v obci Hontianske Moravce a jeho predkovia&hellip;<\/p>\n","protected":false},"author":1,"featured_media":365,"comment_status":"open","ping_status":"open","sticky":false,"template":"","format":"standard","meta":{"_bbp_topic_count":0,"_bbp_reply_count":0,"_bbp_total_topic_count":0,"_bbp_total_reply_count":0,"_bbp_voice_count":0,"_bbp_anonymous_reply_count":0,"_bbp_topic_count_hidden":0,"_bbp_reply_count_hidden":0,"_bbp_forum_subforum_count":0,"footnotes":""},"categories":[8],"tags":[],"class_list":["post-358","post","type-post","status-publish","format-standard","has-post-thumbnail","hentry","category-pripadovestudie"],"yoast_head":"<!-- This site is optimized with the Yoast SEO plugin v26.8 - https:\/\/yoast.com\/product\/yoast-seo-wordpress\/ -->\n<title>Pr\u00edpadov\u00e1 \u0161t\u00fadia: OZ LI\u0160OV M\u00daZEUM - Atrakt\u00edvny vidiek<\/title>\n<meta name=\"robots\" content=\"index, follow, max-snippet:-1, max-image-preview:large, max-video-preview:-1\" \/>\n<link rel=\"canonical\" href=\"https:\/\/atraktivnyvidiek.sk\/?p=358\" \/>\n<meta property=\"og:locale\" content=\"sk_SK\" \/>\n<meta property=\"og:type\" content=\"article\" \/>\n<meta property=\"og:title\" content=\"Pr\u00edpadov\u00e1 \u0161t\u00fadia: OZ LI\u0160OV M\u00daZEUM - Atrakt\u00edvny vidiek\" \/>\n<meta property=\"og:description\" content=\"Poloha Li\u0161ov, ju\u017en\u00e1 \u010das\u0165 stredn\u00e9ho Slovenska; okres Krupina, hranica Nitrianskeho a&nbsp;Bansko-Bystrick\u00e9ho samospr\u00e1vneho kraja. \u0160pecifik\u00e1cia lokality Jakub sa narodil v obci Hontianske Moravce a jeho predkovia&hellip;\" \/>\n<meta property=\"og:url\" content=\"https:\/\/atraktivnyvidiek.sk\/?p=358\" \/>\n<meta property=\"og:site_name\" content=\"Atrakt\u00edvny vidiek\" \/>\n<meta property=\"article:published_time\" content=\"2025-01-08T05:58:09+00:00\" \/>\n<meta property=\"article:modified_time\" content=\"2025-01-29T14:36:32+00:00\" \/>\n<meta property=\"og:image\" content=\"https:\/\/atraktivnyvidiek.sk\/wp-content\/uploads\/2025\/01\/1lisov.jpg\" \/>\n\t<meta property=\"og:image:width\" content=\"500\" \/>\n\t<meta property=\"og:image:height\" content=\"281\" \/>\n\t<meta property=\"og:image:type\" content=\"image\/jpeg\" \/>\n<meta name=\"author\" content=\"atraktivnyvidiek\" \/>\n<meta name=\"twitter:card\" content=\"summary_large_image\" \/>\n<meta name=\"twitter:label1\" content=\"Autor\" \/>\n\t<meta name=\"twitter:data1\" content=\"atraktivnyvidiek\" \/>\n\t<meta name=\"twitter:label2\" content=\"Predpokladan\u00fd \u010das \u010d\u00edtania\" \/>\n\t<meta name=\"twitter:data2\" content=\"13 min\u00fat\" \/>\n<script type=\"application\/ld+json\" class=\"yoast-schema-graph\">{\"@context\":\"https:\/\/schema.org\",\"@graph\":[{\"@type\":\"Article\",\"@id\":\"https:\/\/atraktivnyvidiek.sk\/?p=358#article\",\"isPartOf\":{\"@id\":\"https:\/\/atraktivnyvidiek.sk\/?p=358\"},\"author\":{\"name\":\"atraktivnyvidiek\",\"@id\":\"https:\/\/atraktivnyvidiek.sk\/#\/schema\/person\/f22e6e71c283c97019540b0832231a2a\"},\"headline\":\"Pr\u00edpadov\u00e1 \u0161t\u00fadia: OZ LI\u0160OV M\u00daZEUM\",\"datePublished\":\"2025-01-08T05:58:09+00:00\",\"dateModified\":\"2025-01-29T14:36:32+00:00\",\"mainEntityOfPage\":{\"@id\":\"https:\/\/atraktivnyvidiek.sk\/?p=358\"},\"wordCount\":2811,\"commentCount\":0,\"publisher\":{\"@id\":\"https:\/\/atraktivnyvidiek.sk\/#organization\"},\"image\":{\"@id\":\"https:\/\/atraktivnyvidiek.sk\/?p=358#primaryimage\"},\"thumbnailUrl\":\"https:\/\/atraktivnyvidiek.sk\/wp-content\/uploads\/2025\/01\/1lisov.jpg\",\"articleSection\":[\"Pr\u00edpadov\u00e9 \u0161t\u00fadie\"],\"inLanguage\":\"sk-SK\",\"potentialAction\":[{\"@type\":\"CommentAction\",\"name\":\"Comment\",\"target\":[\"https:\/\/atraktivnyvidiek.sk\/?p=358#respond\"]}]},{\"@type\":\"WebPage\",\"@id\":\"https:\/\/atraktivnyvidiek.sk\/?p=358\",\"url\":\"https:\/\/atraktivnyvidiek.sk\/?p=358\",\"name\":\"Pr\u00edpadov\u00e1 \u0161t\u00fadia: OZ LI\u0160OV M\u00daZEUM - Atrakt\u00edvny vidiek\",\"isPartOf\":{\"@id\":\"https:\/\/atraktivnyvidiek.sk\/#website\"},\"primaryImageOfPage\":{\"@id\":\"https:\/\/atraktivnyvidiek.sk\/?p=358#primaryimage\"},\"image\":{\"@id\":\"https:\/\/atraktivnyvidiek.sk\/?p=358#primaryimage\"},\"thumbnailUrl\":\"https:\/\/atraktivnyvidiek.sk\/wp-content\/uploads\/2025\/01\/1lisov.jpg\",\"datePublished\":\"2025-01-08T05:58:09+00:00\",\"dateModified\":\"2025-01-29T14:36:32+00:00\",\"breadcrumb\":{\"@id\":\"https:\/\/atraktivnyvidiek.sk\/?p=358#breadcrumb\"},\"inLanguage\":\"sk-SK\",\"potentialAction\":[{\"@type\":\"ReadAction\",\"target\":[\"https:\/\/atraktivnyvidiek.sk\/?p=358\"]}]},{\"@type\":\"ImageObject\",\"inLanguage\":\"sk-SK\",\"@id\":\"https:\/\/atraktivnyvidiek.sk\/?p=358#primaryimage\",\"url\":\"https:\/\/atraktivnyvidiek.sk\/wp-content\/uploads\/2025\/01\/1lisov.jpg\",\"contentUrl\":\"https:\/\/atraktivnyvidiek.sk\/wp-content\/uploads\/2025\/01\/1lisov.jpg\",\"width\":500,\"height\":281},{\"@type\":\"BreadcrumbList\",\"@id\":\"https:\/\/atraktivnyvidiek.sk\/?p=358#breadcrumb\",\"itemListElement\":[{\"@type\":\"ListItem\",\"position\":1,\"name\":\"Home\",\"item\":\"https:\/\/atraktivnyvidiek.sk\/\"},{\"@type\":\"ListItem\",\"position\":2,\"name\":\"Pr\u00edpadov\u00e1 \u0161t\u00fadia: OZ LI\u0160OV M\u00daZEUM\"}]},{\"@type\":\"WebSite\",\"@id\":\"https:\/\/atraktivnyvidiek.sk\/#website\",\"url\":\"https:\/\/atraktivnyvidiek.sk\/\",\"name\":\"Atrakt\u00edvny vidiek\",\"description\":\"\",\"publisher\":{\"@id\":\"https:\/\/atraktivnyvidiek.sk\/#organization\"},\"potentialAction\":[{\"@type\":\"SearchAction\",\"target\":{\"@type\":\"EntryPoint\",\"urlTemplate\":\"https:\/\/atraktivnyvidiek.sk\/?s={search_term_string}\"},\"query-input\":{\"@type\":\"PropertyValueSpecification\",\"valueRequired\":true,\"valueName\":\"search_term_string\"}}],\"inLanguage\":\"sk-SK\"},{\"@type\":\"Organization\",\"@id\":\"https:\/\/atraktivnyvidiek.sk\/#organization\",\"name\":\"Atrakt\u00edvny vidiek\",\"url\":\"https:\/\/atraktivnyvidiek.sk\/\",\"logo\":{\"@type\":\"ImageObject\",\"inLanguage\":\"sk-SK\",\"@id\":\"https:\/\/atraktivnyvidiek.sk\/#\/schema\/logo\/image\/\",\"url\":\"https:\/\/atraktivnyvidiek.sk\/wp-content\/uploads\/2025\/01\/av_logo_horiz_800.png\",\"contentUrl\":\"https:\/\/atraktivnyvidiek.sk\/wp-content\/uploads\/2025\/01\/av_logo_horiz_800.png\",\"width\":800,\"height\":213,\"caption\":\"Atrakt\u00edvny vidiek\"},\"image\":{\"@id\":\"https:\/\/atraktivnyvidiek.sk\/#\/schema\/logo\/image\/\"}},{\"@type\":\"Person\",\"@id\":\"https:\/\/atraktivnyvidiek.sk\/#\/schema\/person\/f22e6e71c283c97019540b0832231a2a\",\"name\":\"atraktivnyvidiek\",\"image\":{\"@type\":\"ImageObject\",\"inLanguage\":\"sk-SK\",\"@id\":\"https:\/\/atraktivnyvidiek.sk\/#\/schema\/person\/image\/\",\"url\":\"https:\/\/secure.gravatar.com\/avatar\/9ba45474a88229f35e3405d220acd15f7c6b0571f17c9232e973ec1ab9d473a8?s=96&d=mm&r=g\",\"contentUrl\":\"https:\/\/secure.gravatar.com\/avatar\/9ba45474a88229f35e3405d220acd15f7c6b0571f17c9232e973ec1ab9d473a8?s=96&d=mm&r=g\",\"caption\":\"atraktivnyvidiek\"},\"sameAs\":[\"https:\/\/atraktivnyvidiek.sk\"],\"url\":\"https:\/\/atraktivnyvidiek.sk\/?author=1\"}]}<\/script>\n<!-- \/ Yoast SEO plugin. -->","yoast_head_json":{"title":"Pr\u00edpadov\u00e1 \u0161t\u00fadia: OZ LI\u0160OV M\u00daZEUM - Atrakt\u00edvny vidiek","robots":{"index":"index","follow":"follow","max-snippet":"max-snippet:-1","max-image-preview":"max-image-preview:large","max-video-preview":"max-video-preview:-1"},"canonical":"https:\/\/atraktivnyvidiek.sk\/?p=358","og_locale":"sk_SK","og_type":"article","og_title":"Pr\u00edpadov\u00e1 \u0161t\u00fadia: OZ LI\u0160OV M\u00daZEUM - Atrakt\u00edvny vidiek","og_description":"Poloha Li\u0161ov, ju\u017en\u00e1 \u010das\u0165 stredn\u00e9ho Slovenska; okres Krupina, hranica Nitrianskeho a&nbsp;Bansko-Bystrick\u00e9ho samospr\u00e1vneho kraja. \u0160pecifik\u00e1cia lokality Jakub sa narodil v obci Hontianske Moravce a jeho predkovia&hellip;","og_url":"https:\/\/atraktivnyvidiek.sk\/?p=358","og_site_name":"Atrakt\u00edvny vidiek","article_published_time":"2025-01-08T05:58:09+00:00","article_modified_time":"2025-01-29T14:36:32+00:00","og_image":[{"width":500,"height":281,"url":"https:\/\/atraktivnyvidiek.sk\/wp-content\/uploads\/2025\/01\/1lisov.jpg","type":"image\/jpeg"}],"author":"atraktivnyvidiek","twitter_card":"summary_large_image","twitter_misc":{"Autor":"atraktivnyvidiek","Predpokladan\u00fd \u010das \u010d\u00edtania":"13 min\u00fat"},"schema":{"@context":"https:\/\/schema.org","@graph":[{"@type":"Article","@id":"https:\/\/atraktivnyvidiek.sk\/?p=358#article","isPartOf":{"@id":"https:\/\/atraktivnyvidiek.sk\/?p=358"},"author":{"name":"atraktivnyvidiek","@id":"https:\/\/atraktivnyvidiek.sk\/#\/schema\/person\/f22e6e71c283c97019540b0832231a2a"},"headline":"Pr\u00edpadov\u00e1 \u0161t\u00fadia: OZ LI\u0160OV M\u00daZEUM","datePublished":"2025-01-08T05:58:09+00:00","dateModified":"2025-01-29T14:36:32+00:00","mainEntityOfPage":{"@id":"https:\/\/atraktivnyvidiek.sk\/?p=358"},"wordCount":2811,"commentCount":0,"publisher":{"@id":"https:\/\/atraktivnyvidiek.sk\/#organization"},"image":{"@id":"https:\/\/atraktivnyvidiek.sk\/?p=358#primaryimage"},"thumbnailUrl":"https:\/\/atraktivnyvidiek.sk\/wp-content\/uploads\/2025\/01\/1lisov.jpg","articleSection":["Pr\u00edpadov\u00e9 \u0161t\u00fadie"],"inLanguage":"sk-SK","potentialAction":[{"@type":"CommentAction","name":"Comment","target":["https:\/\/atraktivnyvidiek.sk\/?p=358#respond"]}]},{"@type":"WebPage","@id":"https:\/\/atraktivnyvidiek.sk\/?p=358","url":"https:\/\/atraktivnyvidiek.sk\/?p=358","name":"Pr\u00edpadov\u00e1 \u0161t\u00fadia: OZ LI\u0160OV M\u00daZEUM - Atrakt\u00edvny vidiek","isPartOf":{"@id":"https:\/\/atraktivnyvidiek.sk\/#website"},"primaryImageOfPage":{"@id":"https:\/\/atraktivnyvidiek.sk\/?p=358#primaryimage"},"image":{"@id":"https:\/\/atraktivnyvidiek.sk\/?p=358#primaryimage"},"thumbnailUrl":"https:\/\/atraktivnyvidiek.sk\/wp-content\/uploads\/2025\/01\/1lisov.jpg","datePublished":"2025-01-08T05:58:09+00:00","dateModified":"2025-01-29T14:36:32+00:00","breadcrumb":{"@id":"https:\/\/atraktivnyvidiek.sk\/?p=358#breadcrumb"},"inLanguage":"sk-SK","potentialAction":[{"@type":"ReadAction","target":["https:\/\/atraktivnyvidiek.sk\/?p=358"]}]},{"@type":"ImageObject","inLanguage":"sk-SK","@id":"https:\/\/atraktivnyvidiek.sk\/?p=358#primaryimage","url":"https:\/\/atraktivnyvidiek.sk\/wp-content\/uploads\/2025\/01\/1lisov.jpg","contentUrl":"https:\/\/atraktivnyvidiek.sk\/wp-content\/uploads\/2025\/01\/1lisov.jpg","width":500,"height":281},{"@type":"BreadcrumbList","@id":"https:\/\/atraktivnyvidiek.sk\/?p=358#breadcrumb","itemListElement":[{"@type":"ListItem","position":1,"name":"Home","item":"https:\/\/atraktivnyvidiek.sk\/"},{"@type":"ListItem","position":2,"name":"Pr\u00edpadov\u00e1 \u0161t\u00fadia: OZ LI\u0160OV M\u00daZEUM"}]},{"@type":"WebSite","@id":"https:\/\/atraktivnyvidiek.sk\/#website","url":"https:\/\/atraktivnyvidiek.sk\/","name":"Atrakt\u00edvny vidiek","description":"","publisher":{"@id":"https:\/\/atraktivnyvidiek.sk\/#organization"},"potentialAction":[{"@type":"SearchAction","target":{"@type":"EntryPoint","urlTemplate":"https:\/\/atraktivnyvidiek.sk\/?s={search_term_string}"},"query-input":{"@type":"PropertyValueSpecification","valueRequired":true,"valueName":"search_term_string"}}],"inLanguage":"sk-SK"},{"@type":"Organization","@id":"https:\/\/atraktivnyvidiek.sk\/#organization","name":"Atrakt\u00edvny vidiek","url":"https:\/\/atraktivnyvidiek.sk\/","logo":{"@type":"ImageObject","inLanguage":"sk-SK","@id":"https:\/\/atraktivnyvidiek.sk\/#\/schema\/logo\/image\/","url":"https:\/\/atraktivnyvidiek.sk\/wp-content\/uploads\/2025\/01\/av_logo_horiz_800.png","contentUrl":"https:\/\/atraktivnyvidiek.sk\/wp-content\/uploads\/2025\/01\/av_logo_horiz_800.png","width":800,"height":213,"caption":"Atrakt\u00edvny vidiek"},"image":{"@id":"https:\/\/atraktivnyvidiek.sk\/#\/schema\/logo\/image\/"}},{"@type":"Person","@id":"https:\/\/atraktivnyvidiek.sk\/#\/schema\/person\/f22e6e71c283c97019540b0832231a2a","name":"atraktivnyvidiek","image":{"@type":"ImageObject","inLanguage":"sk-SK","@id":"https:\/\/atraktivnyvidiek.sk\/#\/schema\/person\/image\/","url":"https:\/\/secure.gravatar.com\/avatar\/9ba45474a88229f35e3405d220acd15f7c6b0571f17c9232e973ec1ab9d473a8?s=96&d=mm&r=g","contentUrl":"https:\/\/secure.gravatar.com\/avatar\/9ba45474a88229f35e3405d220acd15f7c6b0571f17c9232e973ec1ab9d473a8?s=96&d=mm&r=g","caption":"atraktivnyvidiek"},"sameAs":["https:\/\/atraktivnyvidiek.sk"],"url":"https:\/\/atraktivnyvidiek.sk\/?author=1"}]}},"_links":{"self":[{"href":"https:\/\/atraktivnyvidiek.sk\/index.php?rest_route=\/wp\/v2\/posts\/358","targetHints":{"allow":["GET"]}}],"collection":[{"href":"https:\/\/atraktivnyvidiek.sk\/index.php?rest_route=\/wp\/v2\/posts"}],"about":[{"href":"https:\/\/atraktivnyvidiek.sk\/index.php?rest_route=\/wp\/v2\/types\/post"}],"author":[{"embeddable":true,"href":"https:\/\/atraktivnyvidiek.sk\/index.php?rest_route=\/wp\/v2\/users\/1"}],"replies":[{"embeddable":true,"href":"https:\/\/atraktivnyvidiek.sk\/index.php?rest_route=%2Fwp%2Fv2%2Fcomments&post=358"}],"version-history":[{"count":6,"href":"https:\/\/atraktivnyvidiek.sk\/index.php?rest_route=\/wp\/v2\/posts\/358\/revisions"}],"predecessor-version":[{"id":555,"href":"https:\/\/atraktivnyvidiek.sk\/index.php?rest_route=\/wp\/v2\/posts\/358\/revisions\/555"}],"wp:featuredmedia":[{"embeddable":true,"href":"https:\/\/atraktivnyvidiek.sk\/index.php?rest_route=\/wp\/v2\/media\/365"}],"wp:attachment":[{"href":"https:\/\/atraktivnyvidiek.sk\/index.php?rest_route=%2Fwp%2Fv2%2Fmedia&parent=358"}],"wp:term":[{"taxonomy":"category","embeddable":true,"href":"https:\/\/atraktivnyvidiek.sk\/index.php?rest_route=%2Fwp%2Fv2%2Fcategories&post=358"},{"taxonomy":"post_tag","embeddable":true,"href":"https:\/\/atraktivnyvidiek.sk\/index.php?rest_route=%2Fwp%2Fv2%2Ftags&post=358"}],"curies":[{"name":"wp","href":"https:\/\/api.w.org\/{rel}","templated":true}]}}